{"id":3189,"date":"2025-07-12T08:54:34","date_gmt":"2025-07-12T06:54:34","guid":{"rendered":"https:\/\/inlinekunstlauf-krefeld.de\/?p=3189"},"modified":"2025-07-15T08:59:00","modified_gmt":"2025-07-15T06:59:00","slug":"sprachaufnahme-fuer-das-maerchen-2","status":"publish","type":"post","link":"https:\/\/inlinekunstlauf-krefeld.de\/index.php\/2025\/07\/12\/sprachaufnahme-fuer-das-maerchen-2\/","title":{"rendered":"Sprachaufnahme f\u00fcr das M\u00e4rchen"},"content":{"rendered":"\n<p>Es wird bereits f\u00fcr das diesj\u00e4hrige Weihnachtsm\u00e4rchen in allen Teams flei\u00dfig gearbeitet. Auch die Sprachaufnahmen sind schon gestartet:<\/p>\n\n\n\n<figure class=\"wp-block-embed is-type-rich is-provider-flickr wp-block-embed-flickr\"><div class=\"wp-block-embed__wrapper\">\n<a data-flickr-embed='true' href='https:\/\/www.flickr.com\/photos\/inlinekunstlauf-krefeld\/albums\/72177720327569374\/' title='2025 Tonaufnahme 1 by inlinekunstlaufkrefeld, on Flickr'><img src='https:\/\/live.staticflickr.com\/65535\/54656081704_f21f79fd08_c.jpg' width='800' height='600' alt='IMG-20250712-WA0022'><\/a><script async src='https:\/\/embedr.flickr.com\/assets\/client-code.js' charset='utf-8'><\/script>\n<\/div><\/figure>\n","protected":false},"excerpt":{"rendered":"<p>Es wird bereits f\u00fcr das diesj\u00e4hrige Weihnachtsm\u00e4rchen in allen Teams flei\u00dfig gearbeitet. Auch die Sprachaufnahmen sind schon gestartet:<\/p>\n","protected":false},"author":1,"featured_media":3190,"comment_status":"closed","ping_status":"open","sticky":false,"template":"","format":"standard","meta":{"footnotes":""},"categories":[82,83],"tags":[],"class_list":["post-3189","post","type-post","status-publish","format-standard","has-post-thumbnail","hentry","category-fotos-2025","category-newsletter-2025"],"_links":{"self":[{"href":"https:\/\/inlinekunstlauf-krefeld.de\/index.php\/wp-json\/wp\/v2\/posts\/3189","targetHints":{"allow":["GET"]}}],"collection":[{"href":"https:\/\/inlinekunstlauf-krefeld.de\/index.php\/wp-json\/wp\/v2\/posts"}],"about":[{"href":"https:\/\/inlinekunstlauf-krefeld.de\/index.php\/wp-json\/wp\/v2\/types\/post"}],"author":[{"embeddable":true,"href":"https:\/\/inlinekunstlauf-krefeld.de\/index.php\/wp-json\/wp\/v2\/users\/1"}],"replies":[{"embeddable":true,"href":"https:\/\/inlinekunstlauf-krefeld.de\/index.php\/wp-json\/wp\/v2\/comments?post=3189"}],"version-history":[{"count":1,"href":"https:\/\/inlinekunstlauf-krefeld.de\/index.php\/wp-json\/wp\/v2\/posts\/3189\/revisions"}],"predecessor-version":[{"id":3191,"href":"https:\/\/inlinekunstlauf-krefeld.de\/index.php\/wp-json\/wp\/v2\/posts\/3189\/revisions\/3191"}],"wp:featuredmedia":[{"embeddable":true,"href":"https:\/\/inlinekunstlauf-krefeld.de\/index.php\/wp-json\/wp\/v2\/media\/3190"}],"wp:attachment":[{"href":"https:\/\/inlinekunstlauf-krefeld.de\/index.php\/wp-json\/wp\/v2\/media?parent=3189"}],"wp:term":[{"taxonomy":"category","embeddable":true,"href":"https:\/\/inlinekunstlauf-krefeld.de\/index.php\/wp-json\/wp\/v2\/categories?post=3189"},{"taxonomy":"post_tag","embeddable":true,"href":"https:\/\/inlinekunstlauf-krefeld.de\/index.php\/wp-json\/wp\/v2\/tags?post=3189"}],"curies":[{"name":"wp","href":"https:\/\/api.w.org\/{rel}","templated":true}]}}